{"id":2132,"date":"2022-02-26T12:33:00","date_gmt":"2022-02-26T12:33:00","guid":{"rendered":"http:\/\/pukfrance.com\/?p=2132"},"modified":"2022-02-27T12:35:58","modified_gmt":"2022-02-27T12:35:58","slug":"visite-par-madame-najat-vallaud-belkacem-a-erbil","status":"publish","type":"post","link":"http:\/\/pukfrance.com\/?p=2132","title":{"rendered":"Visite par Madame Najat Vallaud-Belkacem \u00e0 Erbil."},"content":{"rendered":"\n<p class=\"has-medium-font-size\">Aujourd\u2019hui, mercredi 23\/2\/2022 Saadi Ahmed Pira, membre du Bureau politique de l\u2019Union patriotique du Kurdistan au si\u00e8ge du bureau politique de la ville d\u2019Erbil, a accueilli Mme Najat Vallaud-Belkacem, porte-parole et ancienne ministre de l\u2019Enseignement sup\u00e9rieur en France.<\/p>\n\n\n\n<p class=\"has-medium-font-size\">Lors d\u2019une r\u00e9union entre les deux parties, \u00e0 laquelle a particip\u00e9 le Dr Darawan Haji Hamid, responsable du bureau de l\u2019UPK en France, a particip\u00e9, M.Sadi Ahmed Pira les a chaleureusement accueillis, \u00e9voquant les relations de longue date entre la r\u00e9gion du Kurdistan, son peuple, et le gouvernement Fran\u00e7ais. Il a rappel\u00e9 tout le soutien que le gouvernement Fran\u00e7ais a apport\u00e9 au peuple kurde \u00e0 diff\u00e9rents stades, en particulier en 1991, dont elle a particip\u00e9 faire passer la r\u00e9solution 688 de l\u2019ONU par exemple, relativement \u00e0 la cr\u00e9ation d\u2019un espace de protection a\u00e9rien pour emp\u00eacher les attaques du r\u00e9gime de Saddam Hussein.<\/p>\n\n\n\n<div class=\"wp-block-image\"><figure class=\"aligncenter size-full\"><img loading=\"lazy\" decoding=\"async\" width=\"856\" height=\"610\" src=\"http:\/\/pukfrance.com\/wp-content\/uploads\/2022\/02\/image-40.png\" alt=\"\" class=\"wp-image-2133\" srcset=\"http:\/\/pukfrance.com\/wp-content\/uploads\/2022\/02\/image-40.png 856w, http:\/\/pukfrance.com\/wp-content\/uploads\/2022\/02\/image-40-300x214.png 300w, http:\/\/pukfrance.com\/wp-content\/uploads\/2022\/02\/image-40-768x547.png 768w, http:\/\/pukfrance.com\/wp-content\/uploads\/2022\/02\/image-40-600x428.png 600w\" sizes=\"auto, (max-width: 856px) 100vw, 856px\" \/><\/figure><\/div>\n\n\n\n<p class=\"has-medium-font-size\">Il a \u00e9galement remerci\u00e9 le peuple et le gouvernement Fran\u00e7ais pour avoir envoy\u00e9 des organisations humanitaires pour reconstruire le Kurdistan et a notamment nomm\u00e9ment remerci\u00e9 le r\u00f4le de l\u2019Organisation humaine dite France Libert\u00e9. &nbsp;Lors de la m\u00eame r\u00e9union Sadi Ahmed Pira a parl\u00e9 de la relation et des coop\u00e9rations pass\u00e9es, pr\u00e9sentes, et futures entre l\u2019Union patriotique du Kurdistan et le Parti socialiste en France, en particulier que les deux parties sont membres de l\u2019Organisation socialiste internationale et de l\u2019Organisation de l\u2019Alliance progressiste, et a esp\u00e9r\u00e9 que ces relations se d\u00e9veloppent davantage pour d\u00e9velopper leurs capacit\u00e9s et leurs exp\u00e9riences r\u00e9ciproques, tant sur le plan organisationnel que politique.<\/p>\n\n\n\n<p class=\"has-medium-font-size\">Haval Saadi Ahmed Pira a expliqu\u00e9 en d\u00e9tail les diff\u00e9rentes \u00e9tapes du processus politique en Irak et les points de vue de l\u2019Union patriotique du Kurdistan sur le processus politique en Irak soulignant que l\u2019Union patriotique du Kurdistan est d\u2019avis qu\u2019il nous faut un Irak uni stable et un gouvernement fort.<\/p>\n\n\n\n<p class=\"has-medium-font-size\">Plus tard, Mme Najat Vallaud-Belkacem a remerci\u00e9 l\u2019accueil chaleureux et l\u2019hospitalit\u00e9 de l\u2019Union patriotique du Kurdistan, et a d\u00e9clar\u00e9 : Au cours de mon s\u00e9jour ici, j\u2019ai inform\u00e9 en d\u00e9tail la direction du Parti socialiste Fran\u00e7ais lors de toutes mes r\u00e9unions avec les responsables de l\u2019Union patriotique du Kurdistan mais aussi avec toutes les organisations kurdes que j\u2019ai pu rencontrer. Elle a affirm\u00e9 que la direction du parti socialiste fran\u00e7ais \u00e0 le plus grand respect et amour pour le peuple kurde et l\u2019Union patriotique du Kurdistan. Elle a \u00e9galement affirm\u00e9 l\u2019importance de d\u00e9velopper les relations entre la France, le parti socialiste, les organisations non gouvernementales, les universit\u00e9s, avec ceux de leurs homologues kurdes, notamment via l\u2019aide et le soutien de l\u2019UPK.<\/p>\n\n\n\n<div class=\"wp-block-image\"><figure class=\"alignleft size-full\"><img loading=\"lazy\" decoding=\"async\" width=\"568\" height=\"544\" src=\"http:\/\/pukfrance.com\/wp-content\/uploads\/2022\/02\/image-41.png\" alt=\"\" class=\"wp-image-2134\" srcset=\"http:\/\/pukfrance.com\/wp-content\/uploads\/2022\/02\/image-41.png 568w, http:\/\/pukfrance.com\/wp-content\/uploads\/2022\/02\/image-41-300x287.png 300w\" sizes=\"auto, (max-width: 568px) 100vw, 568px\" \/><\/figure><\/div>\n\n\n\n<figure class=\"wp-block-image size-full\"><img loading=\"lazy\" decoding=\"async\" width=\"514\" height=\"544\" src=\"http:\/\/pukfrance.com\/wp-content\/uploads\/2022\/02\/image-42.png\" alt=\"\" class=\"wp-image-2135\" srcset=\"http:\/\/pukfrance.com\/wp-content\/uploads\/2022\/02\/image-42.png 514w, http:\/\/pukfrance.com\/wp-content\/uploads\/2022\/02\/image-42-283x300.png 283w\" sizes=\"auto, (max-width: 514px) 100vw, 514px\" \/><\/figure>\n","protected":false},"excerpt":{"rendered":"<p>Aujourd\u2019hui, mercredi 23\/2\/2022 Saadi Ahmed Pira, membre du Bureau politique de l\u2019Union patriotique du Kurdistan au si\u00e8ge du bureau politique de la ville d\u2019Erbil, a accueilli Mme Najat Vallaud-Belkacem, porte-parole et ancienne ministre de l\u2019Enseignement sup\u00e9rieur en France. Lors d\u2019une r\u00e9union entre les deux parties, \u00e0 laquelle a particip\u00e9 le Dr Darawan Haji Hamid, responsable [&hellip;]<\/p>\n","protected":false},"author":1,"featured_media":2133,"comment_status":"closed","ping_status":"closed","sticky":false,"template":"","format":"standard","meta":{"footnotes":""},"categories":[60,58],"tags":[],"class_list":["post-2132","post","type-post","status-publish","format-standard","has-post-thumbnail","hentry","category-home-fr","category-58"],"_links":{"self":[{"href":"http:\/\/pukfrance.com\/index.php?rest_route=\/wp\/v2\/posts\/2132","targetHints":{"allow":["GET"]}}],"collection":[{"href":"http:\/\/pukfrance.com\/index.php?rest_route=\/wp\/v2\/posts"}],"about":[{"href":"http:\/\/pukfrance.com\/index.php?rest_route=\/wp\/v2\/types\/post"}],"author":[{"embeddable":true,"href":"http:\/\/pukfrance.com\/index.php?rest_route=\/wp\/v2\/users\/1"}],"replies":[{"embeddable":true,"href":"http:\/\/pukfrance.com\/index.php?rest_route=%2Fwp%2Fv2%2Fcomments&post=2132"}],"version-history":[{"count":1,"href":"http:\/\/pukfrance.com\/index.php?rest_route=\/wp\/v2\/posts\/2132\/revisions"}],"predecessor-version":[{"id":2136,"href":"http:\/\/pukfrance.com\/index.php?rest_route=\/wp\/v2\/posts\/2132\/revisions\/2136"}],"wp:featuredmedia":[{"embeddable":true,"href":"http:\/\/pukfrance.com\/index.php?rest_route=\/wp\/v2\/media\/2133"}],"wp:attachment":[{"href":"http:\/\/pukfrance.com\/index.php?rest_route=%2Fwp%2Fv2%2Fmedia&parent=2132"}],"wp:term":[{"taxonomy":"category","embeddable":true,"href":"http:\/\/pukfrance.com\/index.php?rest_route=%2Fwp%2Fv2%2Fcategories&post=2132"},{"taxonomy":"post_tag","embeddable":true,"href":"http:\/\/pukfrance.com\/index.php?rest_route=%2Fwp%2Fv2%2Ftags&post=2132"}],"curies":[{"name":"wp","href":"https:\/\/api.w.org\/{rel}","templated":true}]}}