{"id":2127,"date":"2022-02-19T12:29:00","date_gmt":"2022-02-19T12:29:00","guid":{"rendered":"http:\/\/pukfrance.com\/?p=2127"},"modified":"2022-02-27T12:31:27","modified_gmt":"2022-02-27T12:31:27","slug":"najat-vallaud-belkacem-sest-rendue-au-sein-des-locaux-de-lorganisation-pour-le-developpement-civil-cdo","status":"publish","type":"post","link":"http:\/\/pukfrance.com\/?p=2127","title":{"rendered":"Najat Vallaud-Belkacem s\u2019est rendue au sein des locaux de l\u2019organisation pour le d\u00e9veloppement civil \u2013 CDO."},"content":{"rendered":"\n<p class=\"has-medium-font-size\">Les responsables associatifs, lui ont pr\u00e9sent\u00e9 leurs r\u00f4les, missions et accomplissements respectifs. Plus de 20 associations et repr\u00e9sentants issus de la soci\u00e9t\u00e9 civile \u00e9taient pr\u00e9sents.<\/p>\n\n\n\n<p class=\"has-medium-font-size\">Ensuite, Madame Najat a r\u00e9alis\u00e9 une intervention aupr\u00e8s de tous ces intervenants, sur plusieurs th\u00e8mes. Tout d\u2019abord, son rapport \u00e0 la soci\u00e9t\u00e9 civile, et aux organisations non gouvernementales, et de l\u2019importance de leurs r\u00f4les, comme relais aupr\u00e8s du peuple, mais aussi comme d\u00e9fenseurs des droits issus de leur statuts sociaux aupr\u00e8s des d\u00e9cideurs politiques. Et par l\u00e0, de l\u2019importance de ne pas faire s\u2019opposer soci\u00e9t\u00e9 civile, et vie politique, mais au contraire d\u2019y voir une approche compl\u00e9mentaire, tout en mettant l\u2019accent sur le r\u00f4le actif que doit avoir le peuple \u00e0 cet \u00e9gard. Une participation active des responsables associatifs a \u00e9t\u00e9 observ\u00e9e. De nombreux th\u00e8mes et probl\u00e8mes ont \u00e9t\u00e9 soulev\u00e9s par eux, aux premiers rangs desquels, le manque de soutien politique, \u00e9conomique, de la part des gouvernements ou des d\u00e9cideurs politiques \u00e0 l\u2019\u00e9gard du tissu associatif, mais \u00e9galement du manque de consid\u00e9rations et de protections des droits des minorit\u00e9s, ou des personnes d\u00e9munies, qui sont d\u00e9fendues par ces m\u00eames associations. Ainsi, a \u00e9t\u00e9 \u00e9voqu\u00e9 le manque de consid\u00e9ration pour condamner et faire reconna\u00eetre les crimes d\u2019honneur, ou l\u2019oppression que subissent les minorit\u00e9s religieuses, voir \u00e9galement du fait de leur genre sexuel. Madame Najat a affirm\u00e9 son soutien \u00e0 la d\u00e9fense de toutes ces causes, et donc y compris aux associations, et organisations qui \u0153uvrent \u00e0 cet \u00e9gard, et leur a renouvel\u00e9 ses mots d\u2019espoir pour qu\u2019ils n\u2019abandonnent jamais une telle noble cause.<\/p>\n\n\n\n<div class=\"wp-block-image\"><figure class=\"alignleft size-full\"><img loading=\"lazy\" decoding=\"async\" width=\"608\" height=\"396\" src=\"http:\/\/pukfrance.com\/wp-content\/uploads\/2022\/02\/image-37.png\" alt=\"\" class=\"wp-image-2128\" srcset=\"http:\/\/pukfrance.com\/wp-content\/uploads\/2022\/02\/image-37.png 608w, http:\/\/pukfrance.com\/wp-content\/uploads\/2022\/02\/image-37-300x195.png 300w, http:\/\/pukfrance.com\/wp-content\/uploads\/2022\/02\/image-37-600x391.png 600w\" sizes=\"auto, (max-width: 608px) 100vw, 608px\" \/><\/figure><\/div>\n\n\n\n<figure class=\"wp-block-image size-full\"><img loading=\"lazy\" decoding=\"async\" width=\"450\" height=\"410\" src=\"http:\/\/pukfrance.com\/wp-content\/uploads\/2022\/02\/image-38.png\" alt=\"\" class=\"wp-image-2129\" srcset=\"http:\/\/pukfrance.com\/wp-content\/uploads\/2022\/02\/image-38.png 450w, http:\/\/pukfrance.com\/wp-content\/uploads\/2022\/02\/image-38-300x273.png 300w\" sizes=\"auto, (max-width: 450px) 100vw, 450px\" \/><\/figure>\n\n\n\n<figure class=\"wp-block-image size-full\"><img loading=\"lazy\" decoding=\"async\" width=\"670\" height=\"448\" src=\"http:\/\/pukfrance.com\/wp-content\/uploads\/2022\/02\/image-39.png\" alt=\"\" class=\"wp-image-2130\" srcset=\"http:\/\/pukfrance.com\/wp-content\/uploads\/2022\/02\/image-39.png 670w, http:\/\/pukfrance.com\/wp-content\/uploads\/2022\/02\/image-39-300x201.png 300w, http:\/\/pukfrance.com\/wp-content\/uploads\/2022\/02\/image-39-600x401.png 600w\" sizes=\"auto, (max-width: 670px) 100vw, 670px\" \/><\/figure>\n","protected":false},"excerpt":{"rendered":"<p>Les responsables associatifs, lui ont pr\u00e9sent\u00e9 leurs r\u00f4les, missions et accomplissements respectifs. Plus de 20 associations et repr\u00e9sentants issus de la soci\u00e9t\u00e9 civile \u00e9taient pr\u00e9sents. Ensuite, Madame Najat a r\u00e9alis\u00e9 une intervention aupr\u00e8s de tous ces intervenants, sur plusieurs th\u00e8mes. Tout d\u2019abord, son rapport \u00e0 la soci\u00e9t\u00e9 civile, et aux organisations non gouvernementales, et de [&hellip;]<\/p>\n","protected":false},"author":1,"featured_media":2128,"comment_status":"closed","ping_status":"closed","sticky":false,"template":"","format":"standard","meta":{"footnotes":""},"categories":[60,58],"tags":[],"class_list":["post-2127","post","type-post","status-publish","format-standard","has-post-thumbnail","hentry","category-home-fr","category-58"],"_links":{"self":[{"href":"http:\/\/pukfrance.com\/index.php?rest_route=\/wp\/v2\/posts\/2127","targetHints":{"allow":["GET"]}}],"collection":[{"href":"http:\/\/pukfrance.com\/index.php?rest_route=\/wp\/v2\/posts"}],"about":[{"href":"http:\/\/pukfrance.com\/index.php?rest_route=\/wp\/v2\/types\/post"}],"author":[{"embeddable":true,"href":"http:\/\/pukfrance.com\/index.php?rest_route=\/wp\/v2\/users\/1"}],"replies":[{"embeddable":true,"href":"http:\/\/pukfrance.com\/index.php?rest_route=%2Fwp%2Fv2%2Fcomments&post=2127"}],"version-history":[{"count":1,"href":"http:\/\/pukfrance.com\/index.php?rest_route=\/wp\/v2\/posts\/2127\/revisions"}],"predecessor-version":[{"id":2131,"href":"http:\/\/pukfrance.com\/index.php?rest_route=\/wp\/v2\/posts\/2127\/revisions\/2131"}],"wp:featuredmedia":[{"embeddable":true,"href":"http:\/\/pukfrance.com\/index.php?rest_route=\/wp\/v2\/media\/2128"}],"wp:attachment":[{"href":"http:\/\/pukfrance.com\/index.php?rest_route=%2Fwp%2Fv2%2Fmedia&parent=2127"}],"wp:term":[{"taxonomy":"category","embeddable":true,"href":"http:\/\/pukfrance.com\/index.php?rest_route=%2Fwp%2Fv2%2Fcategories&post=2127"},{"taxonomy":"post_tag","embeddable":true,"href":"http:\/\/pukfrance.com\/index.php?rest_route=%2Fwp%2Fv2%2Ftags&post=2127"}],"curies":[{"name":"wp","href":"https:\/\/api.w.org\/{rel}","templated":true}]}}