{"id":2121,"date":"2022-02-22T12:28:00","date_gmt":"2022-02-22T12:28:00","guid":{"rendered":"http:\/\/pukfrance.com\/?p=2121"},"modified":"2022-02-27T12:29:55","modified_gmt":"2022-02-27T12:29:55","slug":"visite-par-madame-najat-vallaud-belkacem-du-conseil-municipal-de-suleymania","status":"publish","type":"post","link":"http:\/\/pukfrance.com\/?p=2121","title":{"rendered":"Visite par Madame Najat Vallaud-Belkacem du conseil municipal de Suleymania\u00a0:"},"content":{"rendered":"\n<p class=\"has-medium-font-size\">Aujourd\u2019hui, le 22-02-2022, Madame Najat Vallaud-Belkacem s\u2019est rendue au sein du conseil municipal de Suleymania, sur invitation de M.Azad. M.Darawan Hajji Hamid, repr\u00e9sentant du bureau de l\u2019UPK en France, l\u2019a accompagn\u00e9. Au sein du conseil municipal, \u00e9taient pr\u00e9sents l\u2019essentiel des membres de la fraction de l\u2019UPK ce jour-l\u00e0. Madame Najat a pris le temps de d\u00e9velopper sur ses anciens r\u00f4les politiques, associatifs, pass\u00e9s et pr\u00e9sents. Mais aussi, a fait le rapprochement entre un Etat et une famille, quant \u00e0 l\u2019\u00e9ducation, aux questions d\u2019\u00e9galit\u00e9, pour \u00e9viter de se retrouver face \u00e0 une soci\u00e9t\u00e9 divis\u00e9e en deux, d\u2019un c\u00f4t\u00e9 les \u00e9tudiants et \u00e9l\u00e8ves pauvres, de l\u2019autre les \u00e9tudiants fortun\u00e9s, ce qui nuirait sans l\u2019ombre d\u2019un doute, la coh\u00e9sion sociale. L\u2019importance du r\u00f4le des femmes en faveur d\u2019une telle approche est fondamentale, y compris sur le plan politique et m\u00e9diatique, a affirm\u00e9 Madame Najat.<\/p>\n\n\n\n<p class=\"has-medium-font-size\">\u00a0Une discussion riche s\u2019en est suivie. Enfin, une volont\u00e9 de part et d\u2019autre, a \u00e9t\u00e9 affirm\u00e9, en faveur de partenariats entre les municipalit\u00e9s fran\u00e7aises et celle de Suleymania, ainsi que des partenariats avec les universit\u00e9s des deux territoires consid\u00e9r\u00e9s.<\/p>\n\n\n\n<div class=\"wp-block-image\"><figure class=\"alignleft size-full\"><img loading=\"lazy\" decoding=\"async\" width=\"572\" height=\"476\" src=\"http:\/\/pukfrance.com\/wp-content\/uploads\/2022\/02\/image-33.png\" alt=\"\" class=\"wp-image-2122\" srcset=\"http:\/\/pukfrance.com\/wp-content\/uploads\/2022\/02\/image-33.png 572w, http:\/\/pukfrance.com\/wp-content\/uploads\/2022\/02\/image-33-300x250.png 300w\" sizes=\"auto, (max-width: 572px) 100vw, 572px\" \/><\/figure><\/div>\n\n\n\n<figure class=\"wp-block-image size-full\"><img loading=\"lazy\" decoding=\"async\" width=\"488\" height=\"414\" src=\"http:\/\/pukfrance.com\/wp-content\/uploads\/2022\/02\/image-34.png\" alt=\"\" class=\"wp-image-2123\" srcset=\"http:\/\/pukfrance.com\/wp-content\/uploads\/2022\/02\/image-34.png 488w, http:\/\/pukfrance.com\/wp-content\/uploads\/2022\/02\/image-34-300x255.png 300w\" sizes=\"auto, (max-width: 488px) 100vw, 488px\" \/><\/figure>\n\n\n\n<figure class=\"wp-block-image size-full\"><img loading=\"lazy\" decoding=\"async\" width=\"560\" height=\"424\" src=\"http:\/\/pukfrance.com\/wp-content\/uploads\/2022\/02\/image-35.png\" alt=\"\" class=\"wp-image-2124\" srcset=\"http:\/\/pukfrance.com\/wp-content\/uploads\/2022\/02\/image-35.png 560w, http:\/\/pukfrance.com\/wp-content\/uploads\/2022\/02\/image-35-300x227.png 300w, http:\/\/pukfrance.com\/wp-content\/uploads\/2022\/02\/image-35-200x150.png 200w\" sizes=\"auto, (max-width: 560px) 100vw, 560px\" \/><\/figure>\n\n\n\n<figure class=\"wp-block-image size-full\"><img loading=\"lazy\" decoding=\"async\" width=\"522\" height=\"426\" src=\"http:\/\/pukfrance.com\/wp-content\/uploads\/2022\/02\/image-36.png\" alt=\"\" class=\"wp-image-2125\" srcset=\"http:\/\/pukfrance.com\/wp-content\/uploads\/2022\/02\/image-36.png 522w, http:\/\/pukfrance.com\/wp-content\/uploads\/2022\/02\/image-36-300x245.png 300w\" sizes=\"auto, (max-width: 522px) 100vw, 522px\" \/><\/figure>\n","protected":false},"excerpt":{"rendered":"<p>Aujourd\u2019hui, le 22-02-2022, Madame Najat Vallaud-Belkacem s\u2019est rendue au sein du conseil municipal de Suleymania, sur invitation de M.Azad. M.Darawan Hajji Hamid, repr\u00e9sentant du bureau de l\u2019UPK en France, l\u2019a accompagn\u00e9. Au sein du conseil municipal, \u00e9taient pr\u00e9sents l\u2019essentiel des membres de la fraction de l\u2019UPK ce jour-l\u00e0. Madame Najat a pris le temps de [&hellip;]<\/p>\n","protected":false},"author":1,"featured_media":2122,"comment_status":"closed","ping_status":"closed","sticky":false,"template":"","format":"standard","meta":{"footnotes":""},"categories":[60,58],"tags":[],"class_list":["post-2121","post","type-post","status-publish","format-standard","has-post-thumbnail","hentry","category-home-fr","category-58"],"_links":{"self":[{"href":"http:\/\/pukfrance.com\/index.php?rest_route=\/wp\/v2\/posts\/2121","targetHints":{"allow":["GET"]}}],"collection":[{"href":"http:\/\/pukfrance.com\/index.php?rest_route=\/wp\/v2\/posts"}],"about":[{"href":"http:\/\/pukfrance.com\/index.php?rest_route=\/wp\/v2\/types\/post"}],"author":[{"embeddable":true,"href":"http:\/\/pukfrance.com\/index.php?rest_route=\/wp\/v2\/users\/1"}],"replies":[{"embeddable":true,"href":"http:\/\/pukfrance.com\/index.php?rest_route=%2Fwp%2Fv2%2Fcomments&post=2121"}],"version-history":[{"count":1,"href":"http:\/\/pukfrance.com\/index.php?rest_route=\/wp\/v2\/posts\/2121\/revisions"}],"predecessor-version":[{"id":2126,"href":"http:\/\/pukfrance.com\/index.php?rest_route=\/wp\/v2\/posts\/2121\/revisions\/2126"}],"wp:featuredmedia":[{"embeddable":true,"href":"http:\/\/pukfrance.com\/index.php?rest_route=\/wp\/v2\/media\/2122"}],"wp:attachment":[{"href":"http:\/\/pukfrance.com\/index.php?rest_route=%2Fwp%2Fv2%2Fmedia&parent=2121"}],"wp:term":[{"taxonomy":"category","embeddable":true,"href":"http:\/\/pukfrance.com\/index.php?rest_route=%2Fwp%2Fv2%2Fcategories&post=2121"},{"taxonomy":"post_tag","embeddable":true,"href":"http:\/\/pukfrance.com\/index.php?rest_route=%2Fwp%2Fv2%2Ftags&post=2121"}],"curies":[{"name":"wp","href":"https:\/\/api.w.org\/{rel}","templated":true}]}}