{"id":2105,"date":"2022-02-19T12:16:00","date_gmt":"2022-02-19T12:16:00","guid":{"rendered":"http:\/\/pukfrance.com\/?p=2105"},"modified":"2022-02-27T12:18:12","modified_gmt":"2022-02-27T12:18:12","slug":"intervention-televisee-et-visite-de-madame-najat-vallaud-belkacem-au-sein-des-locaux-de-kurdsat","status":"publish","type":"post","link":"http:\/\/pukfrance.com\/?p=2105","title":{"rendered":"Intervention t\u00e9l\u00e9vis\u00e9e et visite de Madame Najat Vallaud-Belkacem au sein des locaux de kurdsat\u00a0:"},"content":{"rendered":"\n<div class=\"wp-block-image\"><figure class=\"alignleft size-full\"><img loading=\"lazy\" decoding=\"async\" width=\"530\" height=\"536\" src=\"http:\/\/pukfrance.com\/wp-content\/uploads\/2022\/02\/image-23.png\" alt=\"\" class=\"wp-image-2106\" srcset=\"http:\/\/pukfrance.com\/wp-content\/uploads\/2022\/02\/image-23.png 530w, http:\/\/pukfrance.com\/wp-content\/uploads\/2022\/02\/image-23-297x300.png 297w, http:\/\/pukfrance.com\/wp-content\/uploads\/2022\/02\/image-23-100x100.png 100w\" sizes=\"auto, (max-width: 530px) 100vw, 530px\" \/><\/figure><\/div>\n\n\n\n<figure class=\"wp-block-image size-full\"><img loading=\"lazy\" decoding=\"async\" width=\"512\" height=\"462\" src=\"http:\/\/pukfrance.com\/wp-content\/uploads\/2022\/02\/image-24.png\" alt=\"\" class=\"wp-image-2107\" srcset=\"http:\/\/pukfrance.com\/wp-content\/uploads\/2022\/02\/image-24.png 512w, http:\/\/pukfrance.com\/wp-content\/uploads\/2022\/02\/image-24-300x271.png 300w\" sizes=\"auto, (max-width: 512px) 100vw, 512px\" \/><\/figure>\n\n\n\n<figure class=\"wp-block-image size-full\"><img loading=\"lazy\" decoding=\"async\" width=\"822\" height=\"482\" src=\"http:\/\/pukfrance.com\/wp-content\/uploads\/2022\/02\/image-25.png\" alt=\"\" class=\"wp-image-2108\" srcset=\"http:\/\/pukfrance.com\/wp-content\/uploads\/2022\/02\/image-25.png 822w, http:\/\/pukfrance.com\/wp-content\/uploads\/2022\/02\/image-25-300x176.png 300w, http:\/\/pukfrance.com\/wp-content\/uploads\/2022\/02\/image-25-768x450.png 768w, http:\/\/pukfrance.com\/wp-content\/uploads\/2022\/02\/image-25-600x352.png 600w\" sizes=\"auto, (max-width: 822px) 100vw, 822px\" \/><\/figure>\n\n\n\n<p><\/p>\n\n\n\n<p class=\"has-medium-font-size\">Le 19-02-2022, au soir, Madame Najat Vallaud-Belkacem a visit\u00e9 les locaux de Kurdsat. Elle a ensuite r\u00e9alis\u00e9 une intervention t\u00e9l\u00e9vis\u00e9e, o\u00f9 elle a abondamment d\u00e9velopp\u00e9 son parcours, depuis les origines, ses fonctions occup\u00e9es, pass\u00e9es et pr\u00e9sentes, enfin elle a mis l\u2019accent sur ses convictions personnelles quant \u00e0 la mani\u00e8re d\u2019envisager le droit des femmes et l\u2019\u00e9ducation. Tout en mettant l\u2019accent sur l\u2019amiti\u00e9 durable entre l\u2019UPK et le PS, elle a propos\u00e9 des mani\u00e8res d\u2019envisager favorablement, et des solutions quant aux probl\u00e8mes qui frappent ces deux territoires \u00e0 cet \u00e9gard.<\/p>\n","protected":false},"excerpt":{"rendered":"<p>Le 19-02-2022, au soir, Madame Najat Vallaud-Belkacem a visit\u00e9 les locaux de Kurdsat. Elle a ensuite r\u00e9alis\u00e9 une intervention t\u00e9l\u00e9vis\u00e9e, o\u00f9 elle a abondamment d\u00e9velopp\u00e9 son parcours, depuis les origines, ses fonctions occup\u00e9es, pass\u00e9es et pr\u00e9sentes, enfin elle a mis l\u2019accent sur ses convictions personnelles quant \u00e0 la mani\u00e8re d\u2019envisager le droit des femmes et [&hellip;]<\/p>\n","protected":false},"author":1,"featured_media":2108,"comment_status":"closed","ping_status":"closed","sticky":false,"template":"","format":"standard","meta":{"footnotes":""},"categories":[60,58],"tags":[],"class_list":["post-2105","post","type-post","status-publish","format-standard","has-post-thumbnail","hentry","category-home-fr","category-58"],"_links":{"self":[{"href":"http:\/\/pukfrance.com\/index.php?rest_route=\/wp\/v2\/posts\/2105","targetHints":{"allow":["GET"]}}],"collection":[{"href":"http:\/\/pukfrance.com\/index.php?rest_route=\/wp\/v2\/posts"}],"about":[{"href":"http:\/\/pukfrance.com\/index.php?rest_route=\/wp\/v2\/types\/post"}],"author":[{"embeddable":true,"href":"http:\/\/pukfrance.com\/index.php?rest_route=\/wp\/v2\/users\/1"}],"replies":[{"embeddable":true,"href":"http:\/\/pukfrance.com\/index.php?rest_route=%2Fwp%2Fv2%2Fcomments&post=2105"}],"version-history":[{"count":1,"href":"http:\/\/pukfrance.com\/index.php?rest_route=\/wp\/v2\/posts\/2105\/revisions"}],"predecessor-version":[{"id":2109,"href":"http:\/\/pukfrance.com\/index.php?rest_route=\/wp\/v2\/posts\/2105\/revisions\/2109"}],"wp:featuredmedia":[{"embeddable":true,"href":"http:\/\/pukfrance.com\/index.php?rest_route=\/wp\/v2\/media\/2108"}],"wp:attachment":[{"href":"http:\/\/pukfrance.com\/index.php?rest_route=%2Fwp%2Fv2%2Fmedia&parent=2105"}],"wp:term":[{"taxonomy":"category","embeddable":true,"href":"http:\/\/pukfrance.com\/index.php?rest_route=%2Fwp%2Fv2%2Fcategories&post=2105"},{"taxonomy":"post_tag","embeddable":true,"href":"http:\/\/pukfrance.com\/index.php?rest_route=%2Fwp%2Fv2%2Ftags&post=2105"}],"curies":[{"name":"wp","href":"https:\/\/api.w.org\/{rel}","templated":true}]}}