{"id":2088,"date":"2022-02-19T22:06:00","date_gmt":"2022-02-19T22:06:00","guid":{"rendered":"http:\/\/pukfrance.com\/?p=2088"},"modified":"2022-02-26T22:06:57","modified_gmt":"2022-02-26T22:06:57","slug":"realisation-dune-conference-au-sein-de-luniversite-de-sulaymania-entre-lancien-ministre-de-lenseignement-superieur-du-krg-et-lancienne-ministre-de-l","status":"publish","type":"post","link":"http:\/\/pukfrance.com\/?p=2088","title":{"rendered":"R\u00e9alisation d\u2019une conf\u00e9rence au sein de l\u2019universit\u00e9 de Sulaymania, entre l\u2019ancien ministre de l\u2019Enseignement sup\u00e9rieur du KRG et l\u2019ancienne ministre de l\u2019Enseignement sup\u00e9rieur de France"},"content":{"rendered":"\n<p class=\"has-medium-font-size\">Une conf\u00e9rence s\u2019est tenue le 19-02-2022, avec comme intervenants M.Goran Yusuf, ancien ministre de l\u2019enseignement sup\u00e9rieur, et Mme Najat Vallaud-Belkacem, ancienne ministre de l\u2019\u00e9ducation nationale et de l\u2019enseignement sup\u00e9rieur. Monsieur Darawan Hajji Hamid, responsable du bureau de l\u2019UPK en France, a \u00e9t\u00e9 \u00e0 l\u2019initiative, et a organis\u00e9 cette conf\u00e9rence. Cette derni\u00e8re portait sur le th\u00e8me de l\u2019\u00e9ducation des \u00e9l\u00e8ves et \u00e9tudiants, ainsi que sur la mani\u00e8re conjointe d\u2019am\u00e9liorer le syst\u00e8me \u00e9ducatif au sein du Kurdistan Irakien. Nous avons observ\u00e9 une participation vive, et attentive de la part du parterre de professeurs d\u2019Universit\u00e9 \u00e0 cet \u00e9gard, tout particuli\u00e8rement sur les questions relatives \u00e0 l\u2019effectivit\u00e9, en pratique, de la r\u00e9forme du syst\u00e8me \u00e9ducatif, et non pas seulement de l\u2019aspect th\u00e9orique, purement intellectuel, ou juridique, \u00e0 la faveur du corps \u00e9ducatif, \u00e9tudiants, \u00e9l\u00e8ves, professeurs, et responsables \u00e9ducatifs inclus.<\/p>\n\n\n\n<div class=\"wp-block-image\"><figure class=\"alignleft size-full\"><img loading=\"lazy\" decoding=\"async\" width=\"496\" height=\"474\" src=\"http:\/\/pukfrance.com\/wp-content\/uploads\/2022\/02\/image-13.png\" alt=\"\" class=\"wp-image-2089\" srcset=\"http:\/\/pukfrance.com\/wp-content\/uploads\/2022\/02\/image-13.png 496w, http:\/\/pukfrance.com\/wp-content\/uploads\/2022\/02\/image-13-300x287.png 300w\" sizes=\"auto, (max-width: 496px) 100vw, 496px\" \/><\/figure><\/div>\n\n\n\n<figure class=\"wp-block-image size-full\"><img loading=\"lazy\" decoding=\"async\" width=\"518\" height=\"396\" src=\"http:\/\/pukfrance.com\/wp-content\/uploads\/2022\/02\/image-16.png\" alt=\"\" class=\"wp-image-2092\" srcset=\"http:\/\/pukfrance.com\/wp-content\/uploads\/2022\/02\/image-16.png 518w, http:\/\/pukfrance.com\/wp-content\/uploads\/2022\/02\/image-16-300x229.png 300w\" sizes=\"auto, (max-width: 518px) 100vw, 518px\" \/><\/figure>\n\n\n\n<figure class=\"wp-block-image size-full\"><img loading=\"lazy\" decoding=\"async\" width=\"552\" height=\"474\" src=\"http:\/\/pukfrance.com\/wp-content\/uploads\/2022\/02\/image-14.png\" alt=\"\" class=\"wp-image-2090\" srcset=\"http:\/\/pukfrance.com\/wp-content\/uploads\/2022\/02\/image-14.png 552w, http:\/\/pukfrance.com\/wp-content\/uploads\/2022\/02\/image-14-300x258.png 300w\" sizes=\"auto, (max-width: 552px) 100vw, 552px\" \/><\/figure>\n\n\n\n<div class=\"wp-block-image\"><figure class=\"alignleft size-full\"><img loading=\"lazy\" decoding=\"async\" width=\"532\" height=\"436\" src=\"http:\/\/pukfrance.com\/wp-content\/uploads\/2022\/02\/image-15.png\" alt=\"\" class=\"wp-image-2091\" srcset=\"http:\/\/pukfrance.com\/wp-content\/uploads\/2022\/02\/image-15.png 532w, http:\/\/pukfrance.com\/wp-content\/uploads\/2022\/02\/image-15-300x246.png 300w\" sizes=\"auto, (max-width: 532px) 100vw, 532px\" \/><\/figure><\/div>\n","protected":false},"excerpt":{"rendered":"<p>Une conf\u00e9rence s\u2019est tenue le 19-02-2022, avec comme intervenants M.Goran Yusuf, ancien ministre de l\u2019enseignement sup\u00e9rieur, et Mme Najat Vallaud-Belkacem, ancienne ministre de l\u2019\u00e9ducation nationale et de l\u2019enseignement sup\u00e9rieur. Monsieur Darawan Hajji Hamid, responsable du bureau de l\u2019UPK en France, a \u00e9t\u00e9 \u00e0 l\u2019initiative, et a organis\u00e9 cette conf\u00e9rence. Cette derni\u00e8re portait sur le th\u00e8me [&hellip;]<\/p>\n","protected":false},"author":1,"featured_media":2089,"comment_status":"closed","ping_status":"closed","sticky":false,"template":"","format":"standard","meta":{"footnotes":""},"categories":[60,58],"tags":[],"class_list":["post-2088","post","type-post","status-publish","format-standard","has-post-thumbnail","hentry","category-home-fr","category-58"],"_links":{"self":[{"href":"http:\/\/pukfrance.com\/index.php?rest_route=\/wp\/v2\/posts\/2088","targetHints":{"allow":["GET"]}}],"collection":[{"href":"http:\/\/pukfrance.com\/index.php?rest_route=\/wp\/v2\/posts"}],"about":[{"href":"http:\/\/pukfrance.com\/index.php?rest_route=\/wp\/v2\/types\/post"}],"author":[{"embeddable":true,"href":"http:\/\/pukfrance.com\/index.php?rest_route=\/wp\/v2\/users\/1"}],"replies":[{"embeddable":true,"href":"http:\/\/pukfrance.com\/index.php?rest_route=%2Fwp%2Fv2%2Fcomments&post=2088"}],"version-history":[{"count":1,"href":"http:\/\/pukfrance.com\/index.php?rest_route=\/wp\/v2\/posts\/2088\/revisions"}],"predecessor-version":[{"id":2093,"href":"http:\/\/pukfrance.com\/index.php?rest_route=\/wp\/v2\/posts\/2088\/revisions\/2093"}],"wp:featuredmedia":[{"embeddable":true,"href":"http:\/\/pukfrance.com\/index.php?rest_route=\/wp\/v2\/media\/2089"}],"wp:attachment":[{"href":"http:\/\/pukfrance.com\/index.php?rest_route=%2Fwp%2Fv2%2Fmedia&parent=2088"}],"wp:term":[{"taxonomy":"category","embeddable":true,"href":"http:\/\/pukfrance.com\/index.php?rest_route=%2Fwp%2Fv2%2Fcategories&post=2088"},{"taxonomy":"post_tag","embeddable":true,"href":"http:\/\/pukfrance.com\/index.php?rest_route=%2Fwp%2Fv2%2Ftags&post=2088"}],"curies":[{"name":"wp","href":"https:\/\/api.w.org\/{rel}","templated":true}]}}