{"id":2077,"date":"2022-02-26T22:01:56","date_gmt":"2022-02-26T22:01:56","guid":{"rendered":"http:\/\/pukfrance.com\/?p=2077"},"modified":"2022-02-26T22:02:52","modified_gmt":"2022-02-26T22:02:52","slug":"bavel-jalal-talabani-nous-voulons-offrir-un-environnement-adapte-aux-etudiants","status":"publish","type":"post","link":"http:\/\/pukfrance.com\/?p=2077","title":{"rendered":"Bavel Jalal Talabani : Nous voulons offrir un environnement adapt\u00e9 aux \u00e9tudiants."},"content":{"rendered":"\n<p class=\"has-medium-font-size\">Bafel Jalal Talabani a re\u00e7u samedi Mme Najat Vallaud Belkacem, ancienne ministre fran\u00e7aise de l&#8217;Enseignement sup\u00e9rieur au si\u00e8ge de l&#8217;Union patriotique du Kurdistan (UPK) sur la colline Dabashan de Sylayman.<\/p>\n\n\n\n<p class=\"has-medium-font-size\">Au cours de la r\u00e9union, \u00e0 laquelle ont particip\u00e9 m.Amin Baba Sheikh porte-parole de L\u2019UPK, M.Pola Sirwan Talabani responsable du bureau des relations ext\u00e9rieures, et membres du Bureau politique de l&#8217;UPK, et le Dr Youssef Goran, ancien ministre de l&#8217;Enseignement sup\u00e9rieur et de la Recherche scientifique du gouvernement r\u00e9gional du Kurdistan, Au cours de la R\u00e9union, auquel M. Darawan Haji Hamid, responsable du bureau de l\u2019UPK en France, a particip\u00e9, ils ont discut\u00e9 du processus relatif \u00e0 l&#8217;enseignement sup\u00e9rieur, du niveau des universit\u00e9s dans la r\u00e9gion du Kurdistan, de leur d\u00e9veloppement, et des r\u00e9formes dans les \u00e9tapes de l&#8217;enseignement et la mani\u00e8re de fournir un environnement appropri\u00e9 aux \u00e9tudiants et de pr\u00eater attention aux capacit\u00e9s scientifiques.<\/p>\n\n\n\n<p class=\"has-medium-font-size\">Au cours de la r\u00e9union, des opinions ont \u00e9t\u00e9 exprim\u00e9es sur les r\u00e9centes manifestations d&#8217;\u00e9tudiants universitaires, en pr\u00eatant attention aux capacit\u00e9s des jeunes au sein de l&#8217;UPK et en maintenant une \u00e9galit\u00e9 entre les sexes dans la direction de l&#8217;UPK. Bafel Jalal Talabani a exprim\u00e9 sa position sur toutes les questions et a expliqu\u00e9 que les universit\u00e9s de la r\u00e9gion du Kurdistan sont de qualit\u00e9 et aux premiers rangs parmi les universit\u00e9s en Irak, ce qui est une source de plaisir et nous encourage \u00e0 avoir \u00e0 c\u0153ur de d\u00e9velopper <\/p>\n\n\n\n<p>davantage leur niveau scientifique et de s&#8217;efforcer de faire en sorte que les programmes \u00e9ducatifs produisent des \u00e9tudiants et des jeunes exemplaires, efficaces et form\u00e9s \u00e0 tous les niveaux, et les pr\u00e9parent aux besoins d&#8217;aujourd&#8217;hui.<\/p>\n\n\n\n<p>\u00c0 cet \u00e9gard, Bafel Jalal Talabani a d\u00e9clar\u00e9 : \u00ab Nous voulons restructurer l&#8217;enseignement sup\u00e9rieur et offrir un environnement plus adapt\u00e9 aux \u00e9tudiants, \u00eatre au m\u00eame niveau de d\u00e9veloppement qui se produit dans le monde occidental, se renouveler et pr\u00eater attention \u00e0 leur niveau scientifique afin que nos universit\u00e9s aient un r\u00f4le plus cons\u00e9quent au Kurdistan, en Irak et dans le monde.<\/p>\n\n\n\n<p>Par ailleurs, au cours de la r\u00e9union, Bafel Jalal Talabani a fait la lumi\u00e8re sur la r\u00e9organisation et le d\u00e9veloppement des institutions de l&#8217;UPK et pouss\u00e9 les jeunes et les femmes \u00e0 occuper des postes \u00e0 responsabilit\u00e9. Il a soulign\u00e9 que les jeunes sont la principale art\u00e8re de la vitalit\u00e9 de l&#8217;UPK et que leurs capacit\u00e9s doivent \u00eatre exploit\u00e9es pour d\u00e9velopper le travail organisationnel et que les femmes soient davantage mises en avant pour occuper un r\u00f4le de leadership car l&#8217;UPK croit pleinement \u00e0 l&#8217;\u00e9quilibre entre les sexes et consid\u00e8re la protection des droits des femmes comme l&#8217;une de ses t\u00e2ches.<\/p>\n\n\n\n<p>La r\u00e9union a \u00e9galement abord\u00e9 la mani\u00e8re de coordonner et d\u00e9velopper les relations entre les universit\u00e9s de la r\u00e9gion du Kurdistan, et les universit\u00e9s du monde. A cet effet, un certain nombre de m\u00e9canismes ont \u00e9t\u00e9 discut\u00e9s.&nbsp;&nbsp;<\/p>\n\n\n\n<div class=\"wp-block-image\"><figure class=\"alignleft size-full\"><img loading=\"lazy\" decoding=\"async\" width=\"512\" height=\"512\" src=\"http:\/\/pukfrance.com\/wp-content\/uploads\/2022\/02\/image-7.png\" alt=\"\" class=\"wp-image-2078\" srcset=\"http:\/\/pukfrance.com\/wp-content\/uploads\/2022\/02\/image-7.png 512w, http:\/\/pukfrance.com\/wp-content\/uploads\/2022\/02\/image-7-300x300.png 300w, http:\/\/pukfrance.com\/wp-content\/uploads\/2022\/02\/image-7-150x150.png 150w, http:\/\/pukfrance.com\/wp-content\/uploads\/2022\/02\/image-7-500x500.png 500w, http:\/\/pukfrance.com\/wp-content\/uploads\/2022\/02\/image-7-100x100.png 100w\" sizes=\"auto, (max-width: 512px) 100vw, 512px\" \/><\/figure><\/div>\n\n\n\n<div class=\"wp-block-image\"><figure class=\"alignright size-full\"><img loading=\"lazy\" decoding=\"async\" width=\"522\" height=\"498\" src=\"http:\/\/pukfrance.com\/wp-content\/uploads\/2022\/02\/image-8.png\" alt=\"\" class=\"wp-image-2079\" srcset=\"http:\/\/pukfrance.com\/wp-content\/uploads\/2022\/02\/image-8.png 522w, http:\/\/pukfrance.com\/wp-content\/uploads\/2022\/02\/image-8-300x286.png 300w\" sizes=\"auto, (max-width: 522px) 100vw, 522px\" \/><\/figure><\/div>\n\n\n\n<div class=\"wp-block-image\"><figure class=\"alignleft size-full\"><img loading=\"lazy\" decoding=\"async\" width=\"530\" height=\"510\" src=\"http:\/\/pukfrance.com\/wp-content\/uploads\/2022\/02\/image-9.png\" alt=\"\" class=\"wp-image-2080\" srcset=\"http:\/\/pukfrance.com\/wp-content\/uploads\/2022\/02\/image-9.png 530w, http:\/\/pukfrance.com\/wp-content\/uploads\/2022\/02\/image-9-300x289.png 300w\" sizes=\"auto, (max-width: 530px) 100vw, 530px\" \/><\/figure><\/div>\n\n\n\n<div class=\"wp-block-image\"><figure class=\"alignright size-full\"><img loading=\"lazy\" decoding=\"async\" width=\"570\" height=\"510\" src=\"http:\/\/pukfrance.com\/wp-content\/uploads\/2022\/02\/image-10.png\" alt=\"\" class=\"wp-image-2081\" srcset=\"http:\/\/pukfrance.com\/wp-content\/uploads\/2022\/02\/image-10.png 570w, http:\/\/pukfrance.com\/wp-content\/uploads\/2022\/02\/image-10-300x268.png 300w\" sizes=\"auto, (max-width: 570px) 100vw, 570px\" \/><\/figure><\/div>\n","protected":false},"excerpt":{"rendered":"<p>Bafel Jalal Talabani a re\u00e7u samedi Mme Najat Vallaud Belkacem, ancienne ministre fran\u00e7aise de l&#8217;Enseignement sup\u00e9rieur au si\u00e8ge de l&#8217;Union patriotique du Kurdistan (UPK) sur la colline Dabashan de Sylayman. Au cours de la r\u00e9union, \u00e0 laquelle ont particip\u00e9 m.Amin Baba Sheikh porte-parole de L\u2019UPK, M.Pola Sirwan Talabani responsable du bureau des relations ext\u00e9rieures, et [&hellip;]<\/p>\n","protected":false},"author":1,"featured_media":2078,"comment_status":"closed","ping_status":"closed","sticky":false,"template":"","format":"standard","meta":{"footnotes":""},"categories":[60,58],"tags":[],"class_list":["post-2077","post","type-post","status-publish","format-standard","has-post-thumbnail","hentry","category-home-fr","category-58"],"_links":{"self":[{"href":"http:\/\/pukfrance.com\/index.php?rest_route=\/wp\/v2\/posts\/2077","targetHints":{"allow":["GET"]}}],"collection":[{"href":"http:\/\/pukfrance.com\/index.php?rest_route=\/wp\/v2\/posts"}],"about":[{"href":"http:\/\/pukfrance.com\/index.php?rest_route=\/wp\/v2\/types\/post"}],"author":[{"embeddable":true,"href":"http:\/\/pukfrance.com\/index.php?rest_route=\/wp\/v2\/users\/1"}],"replies":[{"embeddable":true,"href":"http:\/\/pukfrance.com\/index.php?rest_route=%2Fwp%2Fv2%2Fcomments&post=2077"}],"version-history":[{"count":2,"href":"http:\/\/pukfrance.com\/index.php?rest_route=\/wp\/v2\/posts\/2077\/revisions"}],"predecessor-version":[{"id":2084,"href":"http:\/\/pukfrance.com\/index.php?rest_route=\/wp\/v2\/posts\/2077\/revisions\/2084"}],"wp:featuredmedia":[{"embeddable":true,"href":"http:\/\/pukfrance.com\/index.php?rest_route=\/wp\/v2\/media\/2078"}],"wp:attachment":[{"href":"http:\/\/pukfrance.com\/index.php?rest_route=%2Fwp%2Fv2%2Fmedia&parent=2077"}],"wp:term":[{"taxonomy":"category","embeddable":true,"href":"http:\/\/pukfrance.com\/index.php?rest_route=%2Fwp%2Fv2%2Fcategories&post=2077"},{"taxonomy":"post_tag","embeddable":true,"href":"http:\/\/pukfrance.com\/index.php?rest_route=%2Fwp%2Fv2%2Ftags&post=2077"}],"curies":[{"name":"wp","href":"https:\/\/api.w.org\/{rel}","templated":true}]}}