{"id":2065,"date":"2022-02-19T21:56:00","date_gmt":"2022-02-19T21:56:00","guid":{"rendered":"http:\/\/pukfrance.com\/?p=2065"},"modified":"2022-02-26T21:58:17","modified_gmt":"2022-02-26T21:58:17","slug":"une-delegation-francaise-visite-la-tombe-de-feu-le-president-mam-jalal","status":"publish","type":"post","link":"http:\/\/pukfrance.com\/?p=2065","title":{"rendered":"Une d\u00e9l\u00e9gation fran\u00e7aise visite la tombe de feu le pr\u00e9sident Mam Jalal."},"content":{"rendered":"\n<p class=\"has-medium-font-size\">Samedi le 19-02-2022, M. Pola Talabani, responsable du bureau des relations ext\u00e9rieures de l&#8217;Union patriotique du Kurdistan (UPK), a re\u00e7u Najat Vallaud-Belkacem.<\/p>\n\n\n\n<p class=\"has-medium-font-size\">Au cours de la rencontre, \u00e0 laquelle a particip\u00e9 Darawan Haji Hamid, responsable du Bureau de l\u2019UPK en France, les deux parties ont \u00e9voqu\u00e9 l&#8217;importance et le r\u00f4le du Bureau des relations ext\u00e9rieures de l&#8217;Union patriotique du Kurdistan.<\/p>\n\n\n\n<p class=\"has-medium-font-size\">Ils ont \u00e9galement soulign\u00e9 l&#8217;importance de l&#8217;UPK \u00e0 l&#8217;int\u00e9rieur du pays et \u00e0 l&#8217;\u00e9tranger car elle dispose de 17 bureaux de relations \u00e0 l&#8217;\u00e9tranger, chaque bureau comprend un certain nombre de d\u00e9partements et chacun de ces bureaux dispose d\u2019un repr\u00e9sentant sp\u00e9cial de l&#8217;Union patriotique du Kurdistan.<\/p>\n\n\n\n<p class=\"has-medium-font-size\">Plus tard dans la r\u00e9union, les relations historiques entre le d\u00e9funt pr\u00e9sident Mam Jalal et la France ont \u00e9t\u00e9 discut\u00e9es. Le d\u00e9funt Mam Jalal a jet\u00e9 les bases des relations entre les Kurdes et la France, notant qu&#8217;avec la cr\u00e9ation de l&#8217;Union patriotique du Kurdistan, feu le pr\u00e9sident Mam Jalal a \u00e9tabli des relations \u00e9troites avec le Parti socialiste fran\u00e7ais.<\/p>\n\n\n\n<p class=\"has-medium-font-size\">Ensuite, la d\u00e9l\u00e9gation a visit\u00e9 la tombe du d\u00e9funt pr\u00e9sident Mam Jalal et y a d\u00e9pos\u00e9 une gerbe de fleurs.<\/p>\n\n\n\n<p><\/p>\n\n\n\n<div class=\"wp-block-image\"><figure class=\"alignleft size-full\"><img loading=\"lazy\" decoding=\"async\" width=\"534\" height=\"446\" src=\"http:\/\/pukfrance.com\/wp-content\/uploads\/2022\/02\/image-3.png\" alt=\"\" class=\"wp-image-2066\" srcset=\"http:\/\/pukfrance.com\/wp-content\/uploads\/2022\/02\/image-3.png 534w, http:\/\/pukfrance.com\/wp-content\/uploads\/2022\/02\/image-3-300x251.png 300w\" sizes=\"auto, (max-width: 534px) 100vw, 534px\" \/><\/figure><\/div>\n\n\n\n<div class=\"wp-block-image\"><figure class=\"alignright size-full\"><img loading=\"lazy\" decoding=\"async\" width=\"532\" height=\"460\" src=\"http:\/\/pukfrance.com\/wp-content\/uploads\/2022\/02\/image-4.png\" alt=\"\" class=\"wp-image-2067\" srcset=\"http:\/\/pukfrance.com\/wp-content\/uploads\/2022\/02\/image-4.png 532w, http:\/\/pukfrance.com\/wp-content\/uploads\/2022\/02\/image-4-300x259.png 300w\" sizes=\"auto, (max-width: 532px) 100vw, 532px\" \/><\/figure><\/div>\n\n\n\n<figure class=\"wp-block-image size-full\"><img loading=\"lazy\" decoding=\"async\" width=\"546\" height=\"550\" src=\"http:\/\/pukfrance.com\/wp-content\/uploads\/2022\/02\/image-5.png\" alt=\"\" class=\"wp-image-2068\" srcset=\"http:\/\/pukfrance.com\/wp-content\/uploads\/2022\/02\/image-5.png 546w, http:\/\/pukfrance.com\/wp-content\/uploads\/2022\/02\/image-5-298x300.png 298w, http:\/\/pukfrance.com\/wp-content\/uploads\/2022\/02\/image-5-150x150.png 150w, http:\/\/pukfrance.com\/wp-content\/uploads\/2022\/02\/image-5-100x100.png 100w\" sizes=\"auto, (max-width: 546px) 100vw, 546px\" \/><\/figure>\n\n\n\n<div class=\"wp-block-image\"><figure class=\"alignright size-full\"><img loading=\"lazy\" decoding=\"async\" width=\"530\" height=\"552\" src=\"http:\/\/pukfrance.com\/wp-content\/uploads\/2022\/02\/image-6.png\" alt=\"\" class=\"wp-image-2069\" srcset=\"http:\/\/pukfrance.com\/wp-content\/uploads\/2022\/02\/image-6.png 530w, http:\/\/pukfrance.com\/wp-content\/uploads\/2022\/02\/image-6-288x300.png 288w\" sizes=\"auto, (max-width: 530px) 100vw, 530px\" \/><\/figure><\/div>\n","protected":false},"excerpt":{"rendered":"<p>Samedi le 19-02-2022, M. Pola Talabani, responsable du bureau des relations ext\u00e9rieures de l&#8217;Union patriotique du Kurdistan (UPK), a re\u00e7u Najat Vallaud-Belkacem. Au cours de la rencontre, \u00e0 laquelle a particip\u00e9 Darawan Haji Hamid, responsable du Bureau de l\u2019UPK en France, les deux parties ont \u00e9voqu\u00e9 l&#8217;importance et le r\u00f4le du Bureau des relations ext\u00e9rieures [&hellip;]<\/p>\n","protected":false},"author":1,"featured_media":2068,"comment_status":"closed","ping_status":"closed","sticky":false,"template":"","format":"standard","meta":{"footnotes":""},"categories":[60,58],"tags":[],"class_list":["post-2065","post","type-post","status-publish","format-standard","has-post-thumbnail","hentry","category-home-fr","category-58"],"_links":{"self":[{"href":"http:\/\/pukfrance.com\/index.php?rest_route=\/wp\/v2\/posts\/2065","targetHints":{"allow":["GET"]}}],"collection":[{"href":"http:\/\/pukfrance.com\/index.php?rest_route=\/wp\/v2\/posts"}],"about":[{"href":"http:\/\/pukfrance.com\/index.php?rest_route=\/wp\/v2\/types\/post"}],"author":[{"embeddable":true,"href":"http:\/\/pukfrance.com\/index.php?rest_route=\/wp\/v2\/users\/1"}],"replies":[{"embeddable":true,"href":"http:\/\/pukfrance.com\/index.php?rest_route=%2Fwp%2Fv2%2Fcomments&post=2065"}],"version-history":[{"count":3,"href":"http:\/\/pukfrance.com\/index.php?rest_route=\/wp\/v2\/posts\/2065\/revisions"}],"predecessor-version":[{"id":2073,"href":"http:\/\/pukfrance.com\/index.php?rest_route=\/wp\/v2\/posts\/2065\/revisions\/2073"}],"wp:featuredmedia":[{"embeddable":true,"href":"http:\/\/pukfrance.com\/index.php?rest_route=\/wp\/v2\/media\/2068"}],"wp:attachment":[{"href":"http:\/\/pukfrance.com\/index.php?rest_route=%2Fwp%2Fv2%2Fmedia&parent=2065"}],"wp:term":[{"taxonomy":"category","embeddable":true,"href":"http:\/\/pukfrance.com\/index.php?rest_route=%2Fwp%2Fv2%2Fcategories&post=2065"},{"taxonomy":"post_tag","embeddable":true,"href":"http:\/\/pukfrance.com\/index.php?rest_route=%2Fwp%2Fv2%2Ftags&post=2065"}],"curies":[{"name":"wp","href":"https:\/\/api.w.org\/{rel}","templated":true}]}}