{"id":1836,"date":"2021-11-07T22:42:00","date_gmt":"2021-11-07T22:42:00","guid":{"rendered":"http:\/\/pukfrance.com\/?p=1836"},"modified":"2022-01-29T22:43:31","modified_gmt":"2022-01-29T22:43:31","slug":"reception-de-parlementaires-kurdes-%ef%bf%bc","status":"publish","type":"post","link":"http:\/\/pukfrance.com\/?p=1836","title":{"rendered":"R\u00e9ception de parlementaires kurdes\u00a0\ufffc"},"content":{"rendered":"\n<p>En date du 7 novembre 2021, M.Darawan Haji Hamid a re\u00e7u \u00e0 Paris deux parlementaires r\u00e9gionaux du Kurdistan, issus de l\u2019UPK, M.Osman Sedaly et M.Jamal Huriti. La volont\u00e9 de cr\u00e9er des relations et collaborations avec une partie des parlementaires fran\u00e7ais \u00e9tait au c\u0153ur de la discussion.<\/p>\n\n\n\n<div class=\"wp-block-image\"><figure class=\"alignleft size-full is-resized\"><img loading=\"lazy\" decoding=\"async\" src=\"http:\/\/pukfrance.com\/wp-content\/uploads\/2022\/01\/image-66.png\" alt=\"\" class=\"wp-image-1837\" width=\"395\" height=\"401\" srcset=\"http:\/\/pukfrance.com\/wp-content\/uploads\/2022\/01\/image-66.png 526w, http:\/\/pukfrance.com\/wp-content\/uploads\/2022\/01\/image-66-296x300.png 296w\" sizes=\"auto, (max-width: 395px) 100vw, 395px\" \/><\/figure><\/div>\n\n\n\n<figure class=\"wp-block-image size-full is-resized\"><img loading=\"lazy\" decoding=\"async\" src=\"http:\/\/pukfrance.com\/wp-content\/uploads\/2022\/01\/image-67.png\" alt=\"\" class=\"wp-image-1838\" width=\"389\" height=\"402\" srcset=\"http:\/\/pukfrance.com\/wp-content\/uploads\/2022\/01\/image-67.png 518w, http:\/\/pukfrance.com\/wp-content\/uploads\/2022\/01\/image-67-290x300.png 290w\" sizes=\"auto, (max-width: 389px) 100vw, 389px\" \/><\/figure>\n","protected":false},"excerpt":{"rendered":"<p>En date du 7 novembre 2021, M.Darawan Haji Hamid a re\u00e7u \u00e0 Paris deux parlementaires r\u00e9gionaux du Kurdistan, issus de l\u2019UPK, M.Osman Sedaly et M.Jamal Huriti. La volont\u00e9 de cr\u00e9er des relations et collaborations avec une partie des parlementaires fran\u00e7ais \u00e9tait au c\u0153ur de la discussion.<\/p>\n","protected":false},"author":1,"featured_media":1837,"comment_status":"closed","ping_status":"closed","sticky":false,"template":"","format":"standard","meta":{"footnotes":""},"categories":[60,58],"tags":[],"class_list":["post-1836","post","type-post","status-publish","format-standard","has-post-thumbnail","hentry","category-home-fr","category-58"],"_links":{"self":[{"href":"http:\/\/pukfrance.com\/index.php?rest_route=\/wp\/v2\/posts\/1836","targetHints":{"allow":["GET"]}}],"collection":[{"href":"http:\/\/pukfrance.com\/index.php?rest_route=\/wp\/v2\/posts"}],"about":[{"href":"http:\/\/pukfrance.com\/index.php?rest_route=\/wp\/v2\/types\/post"}],"author":[{"embeddable":true,"href":"http:\/\/pukfrance.com\/index.php?rest_route=\/wp\/v2\/users\/1"}],"replies":[{"embeddable":true,"href":"http:\/\/pukfrance.com\/index.php?rest_route=%2Fwp%2Fv2%2Fcomments&post=1836"}],"version-history":[{"count":1,"href":"http:\/\/pukfrance.com\/index.php?rest_route=\/wp\/v2\/posts\/1836\/revisions"}],"predecessor-version":[{"id":1839,"href":"http:\/\/pukfrance.com\/index.php?rest_route=\/wp\/v2\/posts\/1836\/revisions\/1839"}],"wp:featuredmedia":[{"embeddable":true,"href":"http:\/\/pukfrance.com\/index.php?rest_route=\/wp\/v2\/media\/1837"}],"wp:attachment":[{"href":"http:\/\/pukfrance.com\/index.php?rest_route=%2Fwp%2Fv2%2Fmedia&parent=1836"}],"wp:term":[{"taxonomy":"category","embeddable":true,"href":"http:\/\/pukfrance.com\/index.php?rest_route=%2Fwp%2Fv2%2Fcategories&post=1836"},{"taxonomy":"post_tag","embeddable":true,"href":"http:\/\/pukfrance.com\/index.php?rest_route=%2Fwp%2Fv2%2Ftags&post=1836"}],"curies":[{"name":"wp","href":"https:\/\/api.w.org\/{rel}","templated":true}]}}