{"id":1802,"date":"2021-11-25T22:33:00","date_gmt":"2021-11-25T22:33:00","guid":{"rendered":"http:\/\/pukfrance.com\/?p=1802"},"modified":"2022-01-29T22:34:24","modified_gmt":"2022-01-29T22:34:24","slug":"invitation-au-senat-avec-mme-laila-omar%ef%bf%bc","status":"publish","type":"post","link":"http:\/\/pukfrance.com\/?p=1802","title":{"rendered":"Invitation au S\u00e9nat avec Mme. Laila Omar\ufffc"},"content":{"rendered":"\n<p>En date du 25 novembre 2021, organisation d\u2019une rencontre au S\u00e9nat par le bureau de l\u2019UPK en France, entre la s\u00e9natrice Nicole Durantion, pr\u00e9sidente du groupe d\u2019amiti\u00e9 France-Irak mais aussi le s\u00e9nateur R\u00e9my F\u00e9raud, membre du groupe d\u2019amiti\u00e9, ainsi que M.Thomas Fourquet secr\u00e9taire ex\u00e9cutif du groupe d\u2019amiti\u00e9, et Mme.Laila Omar. Le th\u00e8me de la discussion portait sur le r\u00f4le des femmes, de la place \u00e9galement des entreprises fran\u00e7aises \u00e0 Sulemania, ainsi que des questions de s\u00e9curit\u00e9 par rapport \u00e0 la ville et la r\u00e9gion plus large du Kurdistan.<\/p>\n\n\n\n<div class=\"wp-block-image\"><figure class=\"alignleft size-full is-resized\"><img loading=\"lazy\" decoding=\"async\" src=\"http:\/\/pukfrance.com\/wp-content\/uploads\/2022\/01\/image-46.png\" alt=\"\" class=\"wp-image-1803\" width=\"374\" height=\"338\" srcset=\"http:\/\/pukfrance.com\/wp-content\/uploads\/2022\/01\/image-46.png 498w, http:\/\/pukfrance.com\/wp-content\/uploads\/2022\/01\/image-46-300x271.png 300w\" sizes=\"auto, (max-width: 374px) 100vw, 374px\" \/><\/figure><\/div>\n\n\n\n<figure class=\"wp-block-image size-full is-resized\"><img loading=\"lazy\" decoding=\"async\" src=\"http:\/\/pukfrance.com\/wp-content\/uploads\/2022\/01\/image-47.png\" alt=\"\" class=\"wp-image-1804\" width=\"410\" height=\"336\" srcset=\"http:\/\/pukfrance.com\/wp-content\/uploads\/2022\/01\/image-47.png 546w, http:\/\/pukfrance.com\/wp-content\/uploads\/2022\/01\/image-47-300x246.png 300w\" sizes=\"auto, (max-width: 410px) 100vw, 410px\" \/><\/figure>\n","protected":false},"excerpt":{"rendered":"<p>En date du 25 novembre 2021, organisation d\u2019une rencontre au S\u00e9nat par le bureau de l\u2019UPK en France, entre la s\u00e9natrice Nicole Durantion, pr\u00e9sidente du groupe d\u2019amiti\u00e9 France-Irak mais aussi le s\u00e9nateur R\u00e9my F\u00e9raud, membre du groupe d\u2019amiti\u00e9, ainsi que M.Thomas Fourquet secr\u00e9taire ex\u00e9cutif du groupe d\u2019amiti\u00e9, et Mme.Laila Omar. Le th\u00e8me de la discussion [&hellip;]<\/p>\n","protected":false},"author":1,"featured_media":1803,"comment_status":"open","ping_status":"open","sticky":false,"template":"","format":"standard","meta":{"footnotes":""},"categories":[60,58],"tags":[],"class_list":["post-1802","post","type-post","status-publish","format-standard","has-post-thumbnail","hentry","category-home-fr","category-58"],"_links":{"self":[{"href":"http:\/\/pukfrance.com\/index.php?rest_route=\/wp\/v2\/posts\/1802","targetHints":{"allow":["GET"]}}],"collection":[{"href":"http:\/\/pukfrance.com\/index.php?rest_route=\/wp\/v2\/posts"}],"about":[{"href":"http:\/\/pukfrance.com\/index.php?rest_route=\/wp\/v2\/types\/post"}],"author":[{"embeddable":true,"href":"http:\/\/pukfrance.com\/index.php?rest_route=\/wp\/v2\/users\/1"}],"replies":[{"embeddable":true,"href":"http:\/\/pukfrance.com\/index.php?rest_route=%2Fwp%2Fv2%2Fcomments&post=1802"}],"version-history":[{"count":1,"href":"http:\/\/pukfrance.com\/index.php?rest_route=\/wp\/v2\/posts\/1802\/revisions"}],"predecessor-version":[{"id":1805,"href":"http:\/\/pukfrance.com\/index.php?rest_route=\/wp\/v2\/posts\/1802\/revisions\/1805"}],"wp:featuredmedia":[{"embeddable":true,"href":"http:\/\/pukfrance.com\/index.php?rest_route=\/wp\/v2\/media\/1803"}],"wp:attachment":[{"href":"http:\/\/pukfrance.com\/index.php?rest_route=%2Fwp%2Fv2%2Fmedia&parent=1802"}],"wp:term":[{"taxonomy":"category","embeddable":true,"href":"http:\/\/pukfrance.com\/index.php?rest_route=%2Fwp%2Fv2%2Fcategories&post=1802"},{"taxonomy":"post_tag","embeddable":true,"href":"http:\/\/pukfrance.com\/index.php?rest_route=%2Fwp%2Fv2%2Ftags&post=1802"}],"curies":[{"name":"wp","href":"https:\/\/api.w.org\/{rel}","templated":true}]}}