{"id":1799,"date":"2021-11-26T22:32:00","date_gmt":"2021-11-26T22:32:00","guid":{"rendered":"http:\/\/pukfrance.com\/?p=1799"},"modified":"2022-01-29T22:33:16","modified_gmt":"2022-01-29T22:33:16","slug":"rencontre-avec-mme-najaut-vallaud-belkacem","status":"publish","type":"post","link":"http:\/\/pukfrance.com\/?p=1799","title":{"rendered":"Rencontre avec Mme. Najaut Vallaud-Belkacem"},"content":{"rendered":"\n<p>Le 26 novembre 2021, Rencontre organis\u00e9e par le bureau de l\u2019UPK en France, entre Mme. Laila Omar, et Mme. Najat Vallaud-Belkacem, ancienne ministre de l\u2019\u00c9ducation nationale et du droit des femmes. Ont \u00e9t\u00e9 \u00e9voqu\u00e9s au cours de la discussion, les th\u00e8mes de l\u2019\u00e9ducation, ainsi que de la place des femmes et de l\u2019\u00e9galit\u00e9 \u00e0 Sulemania mais aussi en France, et de l\u2019importance d\u2019une collaboration en vue d\u2019am\u00e9liorer ces objectifs. De plus, Madame Najat Vallaud-Belkacem a \u00e9t\u00e9 convi\u00e9e \u00e0 un voyage \u00e0 Suleimania, pour le mois de f\u00e9vrier 2022, en vue de discuter, et de d\u00e9fendre, notamment par le biais de conf\u00e9rences, et de d\u00e9bats, la place des femmes et l\u2019importance de l\u2019\u00e9ducation \u00e0 Suleimania mais aussi en France et partout dans le monde.<\/p>\n\n\n\n<figure class=\"wp-block-image size-full is-resized\"><img loading=\"lazy\" decoding=\"async\" src=\"http:\/\/pukfrance.com\/wp-content\/uploads\/2022\/01\/image-45.png\" alt=\"\" class=\"wp-image-1800\" width=\"707\" height=\"414\" srcset=\"http:\/\/pukfrance.com\/wp-content\/uploads\/2022\/01\/image-45.png 942w, http:\/\/pukfrance.com\/wp-content\/uploads\/2022\/01\/image-45-300x176.png 300w, http:\/\/pukfrance.com\/wp-content\/uploads\/2022\/01\/image-45-768x450.png 768w, http:\/\/pukfrance.com\/wp-content\/uploads\/2022\/01\/image-45-600x352.png 600w\" sizes=\"auto, (max-width: 707px) 100vw, 707px\" \/><\/figure>\n","protected":false},"excerpt":{"rendered":"<p>Le 26 novembre 2021, Rencontre organis\u00e9e par le bureau de l\u2019UPK en France, entre Mme. Laila Omar, et Mme. Najat Vallaud-Belkacem, ancienne ministre de l\u2019\u00c9ducation nationale et du droit des femmes. Ont \u00e9t\u00e9 \u00e9voqu\u00e9s au cours de la discussion, les th\u00e8mes de l\u2019\u00e9ducation, ainsi que de la place des femmes et de l\u2019\u00e9galit\u00e9 \u00e0 Sulemania [&hellip;]<\/p>\n","protected":false},"author":1,"featured_media":1800,"comment_status":"closed","ping_status":"closed","sticky":false,"template":"","format":"standard","meta":{"footnotes":""},"categories":[60,58],"tags":[],"class_list":["post-1799","post","type-post","status-publish","format-standard","has-post-thumbnail","hentry","category-home-fr","category-58"],"_links":{"self":[{"href":"http:\/\/pukfrance.com\/index.php?rest_route=\/wp\/v2\/posts\/1799","targetHints":{"allow":["GET"]}}],"collection":[{"href":"http:\/\/pukfrance.com\/index.php?rest_route=\/wp\/v2\/posts"}],"about":[{"href":"http:\/\/pukfrance.com\/index.php?rest_route=\/wp\/v2\/types\/post"}],"author":[{"embeddable":true,"href":"http:\/\/pukfrance.com\/index.php?rest_route=\/wp\/v2\/users\/1"}],"replies":[{"embeddable":true,"href":"http:\/\/pukfrance.com\/index.php?rest_route=%2Fwp%2Fv2%2Fcomments&post=1799"}],"version-history":[{"count":1,"href":"http:\/\/pukfrance.com\/index.php?rest_route=\/wp\/v2\/posts\/1799\/revisions"}],"predecessor-version":[{"id":1801,"href":"http:\/\/pukfrance.com\/index.php?rest_route=\/wp\/v2\/posts\/1799\/revisions\/1801"}],"wp:featuredmedia":[{"embeddable":true,"href":"http:\/\/pukfrance.com\/index.php?rest_route=\/wp\/v2\/media\/1800"}],"wp:attachment":[{"href":"http:\/\/pukfrance.com\/index.php?rest_route=%2Fwp%2Fv2%2Fmedia&parent=1799"}],"wp:term":[{"taxonomy":"category","embeddable":true,"href":"http:\/\/pukfrance.com\/index.php?rest_route=%2Fwp%2Fv2%2Fcategories&post=1799"},{"taxonomy":"post_tag","embeddable":true,"href":"http:\/\/pukfrance.com\/index.php?rest_route=%2Fwp%2Fv2%2Ftags&post=1799"}],"curies":[{"name":"wp","href":"https:\/\/api.w.org\/{rel}","templated":true}]}}